{"id":1237,"date":"2022-12-16T15:42:32","date_gmt":"2022-12-16T14:42:32","guid":{"rendered":"https:\/\/www.brandteknik.nu\/?p=1237"},"modified":"2023-01-03T17:25:15","modified_gmt":"2023-01-03T16:25:15","slug":"brandsakra-arbetsplatsen","status":"publish","type":"post","link":"https:\/\/www.brandteknik.nu\/index.php\/2022\/12\/16\/brandsakra-arbetsplatsen\/","title":{"rendered":"Brands\u00e4kra arbetsplatsen"},"content":{"rendered":"\n<p><em>K\u00e4lla: <a href=\"https:\/\/www.lansforsakringar.se\/skane\/foretag\/forsakring\/forebygga-skador\/brander\/personalutrymmen\/?utm_content=link_Om%20brands%C3%A4kerhet%20p%C3%A5%20jobbet_8&amp;utm_source=emma&amp;utm_medium=email&amp;utm_campaign=BXX-E-F-FTB-VRD-F_F_-\" target=\"_blank\" rel=\"noreferrer noopener\">L\u00e4nsf\u00f6rs\u00e4kringar<\/a><\/em><\/p>\n\n\n\n<p>I de utrymmen d\u00e4r personalen vistas p\u00e5 sina raster \u00e4r det l\u00e4tt h\u00e4nt att g\u00e5 ifr\u00e5n en p\u00e5slagen kaffebryggare, spisplatta eller t\u00e4nt ljus. Enligt Arbetsmilj\u00f6upplysningen utbryter en brand varje timme p\u00e5 en svensk arbetsplats.<\/p>\n\n\n\n<p>Det \u00e4r arbetsgivarens ansvar att f\u00f6rhindra att brand uppst\u00e5r \u2013 det g\u00e4ller b\u00e5de i arbetslokalerna och i personalens utrymmen, som omkl\u00e4dningsrum, matrum, vilorum och v\u00e4ntrum.<\/p>\n\n\n\n<p>Utse n\u00e5gon p\u00e5 f\u00f6retaget som \u00e4r ansvarig att kontrollera att alla rum \u00e4r sl\u00e4ckta innan de g\u00e5r tillbaka till arbetet eller hem.<\/p>\n\n\n\n<h3 class=\"wp-block-heading\">Se \u00f6ver risker i f\u00f6retagets brandskydd<\/h3>\n\n\n\n<p>Vilka brandrisker som finns skiljer sig s\u00e5klart mellan arbetsplatser varf\u00f6r du beh\u00f6ver g\u00f6ra en egen riskanalys.<br><br><strong>N\u00e5gra allm\u00e4nna tips \u00e4r:<\/strong><\/p>\n\n\n\n<ul class=\"wp-block-list\">\n<li>Kaffebryggaren kan vara en brandfara om den inte st\u00e4ngs av automatiskt \u2013 skaffa en timer som sl\u00e5r av str\u00f6mmen.<\/li>\n\n\n\n<li>Brukar personalen p\u00e5 ditt f\u00f6retag v\u00e4rma mat p\u00e5 spisen? Se till att plattorna har en timer.<\/li>\n\n\n\n<li>Undvik levande ljus \u2013 det \u00e4r \u00e4nnu st\u00f6rre risk att de gl\u00f6ms bort p\u00e5 en arbetsplats \u00e4n i hemmet. Ers\u00e4tt med batteridrivna ljus eller ledljus ist\u00e4llet.<\/li>\n<\/ul>\n\n\n\n<h3 class=\"wp-block-heading\">Brandsl\u00e4ckare ska finnas n\u00e4ra till hands<\/h3>\n\n\n\n<p>En pulversl\u00e4ckare i kombination med en brandfilt \u00e4r mycket effektiv och l\u00e4tt att anv\u00e4nda och borde vara sj\u00e4lvklara i alla personalutrymmen. Detta g\u00e4ller \u00e4ven om du arbetar hemifr\u00e5n.<\/p>\n\n\n\n<h3 class=\"wp-block-heading\">Utbilda personalen i brandskydd<\/h3>\n\n\n\n<p>Det \u00e4r arbetsgivarens uppgift att se till att anst\u00e4llda \u00e4r medvetna om risker och att ni jobbar s\u00e4kert s\u00e5 att inte en brand uppst\u00e5r. Medarbetarna ska \u00e4ven veta vad de ska g\u00f6ra f\u00f6r att sl\u00e4cka en brand. En god id\u00e9 \u00e4r d\u00e4rf\u00f6r att genomf\u00f6ra \u00f6vningar regelbundet s\u00e5 att personalen k\u00e4nner till utrymningsv\u00e4gar och er gemensamma \u00e5tersamlingsplats.<\/p>\n\n\n\n<p>Genom att systematiskt arbeta med att f\u00f6rhindra br\u00e4nder minskar du risken f\u00f6r att ditt f\u00f6retag ska drabbas. Det \u00e4r oftast varken \u00e4r sv\u00e5rt eller dyrt.<\/p>\n\n\n\n<p><\/p>\n","protected":false},"excerpt":{"rendered":"<p>Det \u00e4r arbetsgivarens ansvar att f\u00f6rhindra att brand uppst\u00e5r \u2013 det g\u00e4ller b\u00e5de i arbetslokalerna och i personalens utrymmen, som omkl\u00e4dningsrum, matrum, vilorum och v\u00e4ntrum.<\/p>\n","protected":false},"author":2,"featured_media":1238,"comment_status":"closed","ping_status":"","sticky":false,"template":"","format":"standard","meta":{"footnotes":""},"categories":[10,7],"tags":[],"class_list":["post-1237","post","type-post","status-publish","format-standard","has-post-thumbnail","hentry","category-info","category-utbildning"],"jetpack_featured_media_url":"https:\/\/www.brandteknik.nu\/wp-content\/uploads\/2023\/01\/AdobeStock_327207346-scaled.jpeg","_links":{"self":[{"href":"https:\/\/www.brandteknik.nu\/index.php\/wp-json\/wp\/v2\/posts\/1237","targetHints":{"allow":["GET"]}}],"collection":[{"href":"https:\/\/www.brandteknik.nu\/index.php\/wp-json\/wp\/v2\/posts"}],"about":[{"href":"https:\/\/www.brandteknik.nu\/index.php\/wp-json\/wp\/v2\/types\/post"}],"author":[{"embeddable":true,"href":"https:\/\/www.brandteknik.nu\/index.php\/wp-json\/wp\/v2\/users\/2"}],"replies":[{"embeddable":true,"href":"https:\/\/www.brandteknik.nu\/index.php\/wp-json\/wp\/v2\/comments?post=1237"}],"version-history":[{"count":0,"href":"https:\/\/www.brandteknik.nu\/index.php\/wp-json\/wp\/v2\/posts\/1237\/revisions"}],"wp:featuredmedia":[{"embeddable":true,"href":"https:\/\/www.brandteknik.nu\/index.php\/wp-json\/wp\/v2\/media\/1238"}],"wp:attachment":[{"href":"https:\/\/www.brandteknik.nu\/index.php\/wp-json\/wp\/v2\/media?parent=1237"}],"wp:term":[{"taxonomy":"category","embeddable":true,"href":"https:\/\/www.brandteknik.nu\/index.php\/wp-json\/wp\/v2\/categories?post=1237"},{"taxonomy":"post_tag","embeddable":true,"href":"https:\/\/www.brandteknik.nu\/index.php\/wp-json\/wp\/v2\/tags?post=1237"}],"curies":[{"name":"wp","href":"https:\/\/api.w.org\/{rel}","templated":true}]}}